{"id":958,"date":"2024-12-04T17:47:37","date_gmt":"2024-12-04T16:47:37","guid":{"rendered":"https:\/\/realschule-gruenstrasse.de\/?p=958"},"modified":"2025-02-25T08:54:33","modified_gmt":"2025-02-25T07:54:33","slug":"troedelmarkt-der-5-6-klassen","status":"publish","type":"post","link":"https:\/\/realschule-gruenstrasse.de\/?p=958","title":{"rendered":"Tr\u00f6delmarkt der 5.\/6. Klassen"},"content":{"rendered":"\n<p>Die Sch\u00fclervertretung hat mit viel Engagement den zweiten Tr\u00f6delmarkt unserer Schule organisiert und erfolgreich durchgef\u00fchrt. Der Markt war ein voller Erfolg und hat den Sch\u00fclerinnen und Sch\u00fclern der Jahrg\u00e4nge 5 und 6 nicht nur erm\u00f6glicht, sich von Dingen zu trennen, die sie nicht mehr ben\u00f6tigen, sondern auch den verantwortungsvollen Umgang mit Geld zu lernen.<\/p>\n\n\n\n<p>Die Freude am Verkaufen und Tauschen, sowie das Bewusstsein f\u00fcr Nachhaltigkeit und Wiederverwertung standen im Vordergrund. Wir danken allen Beteiligten f\u00fcr ihre Unterst\u00fctzung und freuen uns auf den 3. Tr\u00f6delmarkt&nbsp;im&nbsp;Fr\u00fchling!<\/p>\n","protected":false},"excerpt":{"rendered":"<p>Die Sch\u00fclervertretung hat mit viel Engagement den zweiten Tr\u00f6delmarkt unserer Schule organisiert und erfolgreich durchgef\u00fchrt. Der Markt war ein voller Erfolg und hat den Sch\u00fclerinnen und Sch\u00fclern der Jahrg\u00e4nge 5 und 6 nicht nur erm\u00f6glicht, sich von Dingen zu trennen, die sie nicht mehr ben\u00f6tigen, sondern auch den verantwortungsvollen Umgang mit Geld zu lernen. Die&hellip;&nbsp;<a href=\"https:\/\/realschule-gruenstrasse.de\/?p=958\" rel=\"bookmark\">Weiterlesen &raquo;<span class=\"screen-reader-text\">Tr\u00f6delmarkt der 5.\/6. Klassen<\/span><\/a><\/p>\n","protected":false},"author":1,"featured_media":959,"comment_status":"closed","ping_status":"open","sticky":false,"template":"","format":"standard","meta":{"neve_meta_sidebar":"","neve_meta_container":"","neve_meta_enable_content_width":"","neve_meta_content_width":0,"neve_meta_title_alignment":"","neve_meta_author_avatar":"","neve_post_elements_order":"","neve_meta_disable_header":"","neve_meta_disable_footer":"","neve_meta_disable_title":"","footnotes":""},"categories":[1],"tags":[],"class_list":["post-958","post","type-post","status-publish","format-standard","has-post-thumbnail","hentry","category-allgemein"],"_links":{"self":[{"href":"https:\/\/realschule-gruenstrasse.de\/index.php?rest_route=\/wp\/v2\/posts\/958","targetHints":{"allow":["GET"]}}],"collection":[{"href":"https:\/\/realschule-gruenstrasse.de\/index.php?rest_route=\/wp\/v2\/posts"}],"about":[{"href":"https:\/\/realschule-gruenstrasse.de\/index.php?rest_route=\/wp\/v2\/types\/post"}],"author":[{"embeddable":true,"href":"https:\/\/realschule-gruenstrasse.de\/index.php?rest_route=\/wp\/v2\/users\/1"}],"replies":[{"embeddable":true,"href":"https:\/\/realschule-gruenstrasse.de\/index.php?rest_route=%2Fwp%2Fv2%2Fcomments&post=958"}],"version-history":[{"count":4,"href":"https:\/\/realschule-gruenstrasse.de\/index.php?rest_route=\/wp\/v2\/posts\/958\/revisions"}],"predecessor-version":[{"id":1040,"href":"https:\/\/realschule-gruenstrasse.de\/index.php?rest_route=\/wp\/v2\/posts\/958\/revisions\/1040"}],"wp:featuredmedia":[{"embeddable":true,"href":"https:\/\/realschule-gruenstrasse.de\/index.php?rest_route=\/wp\/v2\/media\/959"}],"wp:attachment":[{"href":"https:\/\/realschule-gruenstrasse.de\/index.php?rest_route=%2Fwp%2Fv2%2Fmedia&parent=958"}],"wp:term":[{"taxonomy":"category","embeddable":true,"href":"https:\/\/realschule-gruenstrasse.de\/index.php?rest_route=%2Fwp%2Fv2%2Fcategories&post=958"},{"taxonomy":"post_tag","embeddable":true,"href":"https:\/\/realschule-gruenstrasse.de\/index.php?rest_route=%2Fwp%2Fv2%2Ftags&post=958"}],"curies":[{"name":"wp","href":"https:\/\/api.w.org\/{rel}","templated":true}]}}