{"id":762,"date":"2023-12-02T10:16:20","date_gmt":"2023-12-02T09:16:20","guid":{"rendered":"https:\/\/realschule-gruenstrasse.de\/?p=762"},"modified":"2024-02-12T20:05:53","modified_gmt":"2024-02-12T19:05:53","slug":"vorlesewettbewerb","status":"publish","type":"post","link":"https:\/\/realschule-gruenstrasse.de\/?p=762","title":{"rendered":"Vorlesewettbewerb"},"content":{"rendered":"\n<p>Am 28.11.2023 fand der diesj\u00e4hrige Schulentscheid f\u00fcr den Vorlesewettbewerb des B\u00f6rsenvereins des Deutschen Buchhandels an der RSG statt. In der ersten Runde lasen die Klassensieger*innen Melissa, Amin, Luca und Sam aus ihren Lieblingsb\u00fcchern vor. Darunter dieses Mal Klassiker wie \u201eHarryPotter&#8220; aber auch Passagen aus dem Kinderbuch \u201eFlora und Ulysses&#8220;.<br>In der zweiten Runde las jedes Kind anschlie\u00dfend einen Abschnitt aus Raquel J. Palacios \u201eWunder\u201c vor.<br>Nach einem knappen Entscheid hat Sam aus der 6d gewonnen. Alle vier Klassensieger*innen d\u00fcrfen sich \u00fcber je einen B\u00fcchergutschein, den der F\u00f6rderverein sponsort, freuen.<br>Wir gratulieren Sam herzlich zum Sieg und w\u00fcnschen ihm viel Erfolg in der n\u00e4chsten Runde des Wettbewerbs.<\/p>\n","protected":false},"excerpt":{"rendered":"<p>Am 28.11.2023 fand der diesj\u00e4hrige Schulentscheid f\u00fcr den Vorlesewettbewerb des B\u00f6rsenvereins des Deutschen Buchhandels an der RSG statt. In der ersten Runde lasen die Klassensieger*innen Melissa, Amin, Luca und Sam aus ihren Lieblingsb\u00fcchern vor. Darunter dieses Mal Klassiker wie \u201eHarryPotter&#8220; aber auch Passagen aus dem Kinderbuch \u201eFlora und Ulysses&#8220;.In der zweiten Runde las jedes Kind&hellip;&nbsp;<a href=\"https:\/\/realschule-gruenstrasse.de\/?p=762\" rel=\"bookmark\">Weiterlesen &raquo;<span class=\"screen-reader-text\">Vorlesewettbewerb<\/span><\/a><\/p>\n","protected":false},"author":1,"featured_media":819,"comment_status":"closed","ping_status":"closed","sticky":false,"template":"","format":"standard","meta":{"neve_meta_sidebar":"","neve_meta_container":"","neve_meta_enable_content_width":"","neve_meta_content_width":0,"neve_meta_title_alignment":"","neve_meta_author_avatar":"","neve_post_elements_order":"[\"content\",\"tags\",\"comments\"]","neve_meta_disable_header":"","neve_meta_disable_footer":"","neve_meta_disable_title":"","footnotes":""},"categories":[1],"tags":[],"class_list":["post-762","post","type-post","status-publish","format-standard","has-post-thumbnail","hentry","category-allgemein"],"_links":{"self":[{"href":"https:\/\/realschule-gruenstrasse.de\/index.php?rest_route=\/wp\/v2\/posts\/762","targetHints":{"allow":["GET"]}}],"collection":[{"href":"https:\/\/realschule-gruenstrasse.de\/index.php?rest_route=\/wp\/v2\/posts"}],"about":[{"href":"https:\/\/realschule-gruenstrasse.de\/index.php?rest_route=\/wp\/v2\/types\/post"}],"author":[{"embeddable":true,"href":"https:\/\/realschule-gruenstrasse.de\/index.php?rest_route=\/wp\/v2\/users\/1"}],"replies":[{"embeddable":true,"href":"https:\/\/realschule-gruenstrasse.de\/index.php?rest_route=%2Fwp%2Fv2%2Fcomments&post=762"}],"version-history":[{"count":2,"href":"https:\/\/realschule-gruenstrasse.de\/index.php?rest_route=\/wp\/v2\/posts\/762\/revisions"}],"predecessor-version":[{"id":765,"href":"https:\/\/realschule-gruenstrasse.de\/index.php?rest_route=\/wp\/v2\/posts\/762\/revisions\/765"}],"wp:featuredmedia":[{"embeddable":true,"href":"https:\/\/realschule-gruenstrasse.de\/index.php?rest_route=\/wp\/v2\/media\/819"}],"wp:attachment":[{"href":"https:\/\/realschule-gruenstrasse.de\/index.php?rest_route=%2Fwp%2Fv2%2Fmedia&parent=762"}],"wp:term":[{"taxonomy":"category","embeddable":true,"href":"https:\/\/realschule-gruenstrasse.de\/index.php?rest_route=%2Fwp%2Fv2%2Fcategories&post=762"},{"taxonomy":"post_tag","embeddable":true,"href":"https:\/\/realschule-gruenstrasse.de\/index.php?rest_route=%2Fwp%2Fv2%2Ftags&post=762"}],"curies":[{"name":"wp","href":"https:\/\/api.w.org\/{rel}","templated":true}]}}