{"id":726,"date":"2023-07-15T22:32:11","date_gmt":"2023-07-15T20:32:11","guid":{"rendered":"https:\/\/realschule-gruenstrasse.de\/?p=726"},"modified":"2024-02-12T18:19:09","modified_gmt":"2024-02-12T17:19:09","slug":"rsg-weiterhin-mint-schule","status":"publish","type":"post","link":"https:\/\/realschule-gruenstrasse.de\/?p=726","title":{"rendered":"RSG weiterhin MINT-Schule"},"content":{"rendered":"\n<p>Die Realschule Gr\u00fcnstra\u00dfe wurde 2023 erneut f\u00fcr weitere drei Jahre als MINT-Schule ausgezeichnet.<\/p>\n\n\n\n<p>Im Rahmen einer Feierstunde auf dem Campus der Universit\u00e4t Siegen erhielt unser MINT-Koordinator Herr Vogel die Urkunde.<\/p>\n\n\n\n<p>MINT SCHULE NRW ist ein starkes Netzwerk, in dem sich die zertifizierten MINT-Schulen in landesweiten MINT-Tagen zu den besten Ideen austauschen und von weiteren F\u00f6rderangeboten im MINT-Bereich profitieren.<\/p>\n\n\n\n<p>F\u00fcr die Teilnehmer*innen der Feierstunde gag es es ein vielf\u00e4ltiges Angebot zum<br>Ausprobieren diverser MINT-Aktivit\u00e4ten. Die Spannweite reichte von der \u201eProbefahrt\u201c eines<br>Gummibandautos \u00fcber R\u00e4tsel l\u00f6sen im MINT-Escape-Room bis hin zum praxisorientierten<br>Test von Virtual-Reality-Brillen.<\/p>\n","protected":false},"excerpt":{"rendered":"<p>Die Realschule Gr\u00fcnstra\u00dfe wurde 2023 erneut f\u00fcr weitere drei Jahre als MINT-Schule ausgezeichnet. Im Rahmen einer Feierstunde auf dem Campus der Universit\u00e4t Siegen erhielt unser MINT-Koordinator Herr Vogel die Urkunde. MINT SCHULE NRW ist ein starkes Netzwerk, in dem sich die zertifizierten MINT-Schulen in landesweiten MINT-Tagen zu den besten Ideen austauschen und von weiteren F\u00f6rderangeboten&hellip;&nbsp;<a href=\"https:\/\/realschule-gruenstrasse.de\/?p=726\" rel=\"bookmark\">Weiterlesen &raquo;<span class=\"screen-reader-text\">RSG weiterhin MINT-Schule<\/span><\/a><\/p>\n","protected":false},"author":1,"featured_media":812,"comment_status":"closed","ping_status":"closed","sticky":false,"template":"","format":"standard","meta":{"neve_meta_sidebar":"","neve_meta_container":"","neve_meta_enable_content_width":"","neve_meta_content_width":0,"neve_meta_title_alignment":"","neve_meta_author_avatar":"","neve_post_elements_order":"","neve_meta_disable_header":"","neve_meta_disable_footer":"","neve_meta_disable_title":"","footnotes":""},"categories":[1],"tags":[],"class_list":["post-726","post","type-post","status-publish","format-standard","has-post-thumbnail","hentry","category-allgemein"],"_links":{"self":[{"href":"https:\/\/realschule-gruenstrasse.de\/index.php?rest_route=\/wp\/v2\/posts\/726","targetHints":{"allow":["GET"]}}],"collection":[{"href":"https:\/\/realschule-gruenstrasse.de\/index.php?rest_route=\/wp\/v2\/posts"}],"about":[{"href":"https:\/\/realschule-gruenstrasse.de\/index.php?rest_route=\/wp\/v2\/types\/post"}],"author":[{"embeddable":true,"href":"https:\/\/realschule-gruenstrasse.de\/index.php?rest_route=\/wp\/v2\/users\/1"}],"replies":[{"embeddable":true,"href":"https:\/\/realschule-gruenstrasse.de\/index.php?rest_route=%2Fwp%2Fv2%2Fcomments&post=726"}],"version-history":[{"count":1,"href":"https:\/\/realschule-gruenstrasse.de\/index.php?rest_route=\/wp\/v2\/posts\/726\/revisions"}],"predecessor-version":[{"id":727,"href":"https:\/\/realschule-gruenstrasse.de\/index.php?rest_route=\/wp\/v2\/posts\/726\/revisions\/727"}],"wp:featuredmedia":[{"embeddable":true,"href":"https:\/\/realschule-gruenstrasse.de\/index.php?rest_route=\/wp\/v2\/media\/812"}],"wp:attachment":[{"href":"https:\/\/realschule-gruenstrasse.de\/index.php?rest_route=%2Fwp%2Fv2%2Fmedia&parent=726"}],"wp:term":[{"taxonomy":"category","embeddable":true,"href":"https:\/\/realschule-gruenstrasse.de\/index.php?rest_route=%2Fwp%2Fv2%2Fcategories&post=726"},{"taxonomy":"post_tag","embeddable":true,"href":"https:\/\/realschule-gruenstrasse.de\/index.php?rest_route=%2Fwp%2Fv2%2Ftags&post=726"}],"curies":[{"name":"wp","href":"https:\/\/api.w.org\/{rel}","templated":true}]}}