{"id":633,"date":"2023-04-30T15:48:37","date_gmt":"2023-04-30T13:48:37","guid":{"rendered":"http:\/\/localhost\/wordpress\/?p=633"},"modified":"2024-02-12T18:26:59","modified_gmt":"2024-02-12T17:26:59","slug":"biologie-trifft-artenschutz","status":"publish","type":"post","link":"https:\/\/realschule-gruenstrasse.de\/?p=633","title":{"rendered":"Biologie trifft Artenschutz"},"content":{"rendered":"\n<p>Der Biologie-Kurs im 8. Jahrgang der RSG engagiert sich f\u00fcr Naturschutzprojekte im Tierpark Bochum.<br>Um die Ansiedlung heimischer Tierarten zu f\u00f6rdern und Lebensr\u00e4ume in Kleinformat anzubieten f\u00fchrt der Biologiekurs der Jahrgangsstufe 8 ein Projekt mit dem Tierpark durch. Dort wird die ehemalige Storchenwiese umgebaut und der Biologiekurs unter der gemeinsamen Leitung von Judith Becker aus dem Tierpark Bochum und der Lehrerin Dorothee Koberg hat sich viele kleine Projekte ausgedacht, um die Ziele zu erreichen.<br>Die Ideen reichen von dem Bau einer Benjeshecke, Blumenwiese f\u00fcr Schmetterlinge und andere Insekten, Vogelh\u00e4user oder ein Nisthaus f\u00fcr den Siebenschl\u00e4fer bis hin zu dem Bau einer Trockenmauer, einem Steiniglu oder einem Sandhotel f\u00fcr Wildbienen.<br>Vielf\u00e4ltige Tierklassen werden so unterst\u00fctzt: V\u00f6gel, S\u00e4ugetiere, Reptilien, Amphibien, Insekten Spinnentiere und andere Gliedertiere.<br>Wir freuen uns auf die Umsetzung im Mai und Juni. Die Benjeshecke ist schon fast gebaut, die anderen Bauprojekte setzen wir noch um.<\/p>\n","protected":false},"excerpt":{"rendered":"<p>Der Biologie-Kurs im 8. Jahrgang der RSG engagiert sich f\u00fcr Naturschutzprojekte im Tierpark Bochum.Um die Ansiedlung heimischer Tierarten zu f\u00f6rdern und Lebensr\u00e4ume in Kleinformat anzubieten f\u00fchrt der Biologiekurs der Jahrgangsstufe 8 ein Projekt mit dem Tierpark durch. Dort wird die ehemalige Storchenwiese umgebaut und der Biologiekurs unter der gemeinsamen Leitung von Judith Becker aus dem&hellip;&nbsp;<a href=\"https:\/\/realschule-gruenstrasse.de\/?p=633\" rel=\"bookmark\">Weiterlesen &raquo;<span class=\"screen-reader-text\">Biologie trifft Artenschutz<\/span><\/a><\/p>\n","protected":false},"author":1,"featured_media":814,"comment_status":"closed","ping_status":"closed","sticky":false,"template":"","format":"standard","meta":{"neve_meta_sidebar":"","neve_meta_container":"","neve_meta_enable_content_width":"","neve_meta_content_width":0,"neve_meta_title_alignment":"","neve_meta_author_avatar":"","neve_post_elements_order":"","neve_meta_disable_header":"","neve_meta_disable_footer":"","neve_meta_disable_title":"","footnotes":""},"categories":[1],"tags":[],"class_list":["post-633","post","type-post","status-publish","format-standard","has-post-thumbnail","hentry","category-allgemein"],"_links":{"self":[{"href":"https:\/\/realschule-gruenstrasse.de\/index.php?rest_route=\/wp\/v2\/posts\/633","targetHints":{"allow":["GET"]}}],"collection":[{"href":"https:\/\/realschule-gruenstrasse.de\/index.php?rest_route=\/wp\/v2\/posts"}],"about":[{"href":"https:\/\/realschule-gruenstrasse.de\/index.php?rest_route=\/wp\/v2\/types\/post"}],"author":[{"embeddable":true,"href":"https:\/\/realschule-gruenstrasse.de\/index.php?rest_route=\/wp\/v2\/users\/1"}],"replies":[{"embeddable":true,"href":"https:\/\/realschule-gruenstrasse.de\/index.php?rest_route=%2Fwp%2Fv2%2Fcomments&post=633"}],"version-history":[{"count":1,"href":"https:\/\/realschule-gruenstrasse.de\/index.php?rest_route=\/wp\/v2\/posts\/633\/revisions"}],"predecessor-version":[{"id":634,"href":"https:\/\/realschule-gruenstrasse.de\/index.php?rest_route=\/wp\/v2\/posts\/633\/revisions\/634"}],"wp:featuredmedia":[{"embeddable":true,"href":"https:\/\/realschule-gruenstrasse.de\/index.php?rest_route=\/wp\/v2\/media\/814"}],"wp:attachment":[{"href":"https:\/\/realschule-gruenstrasse.de\/index.php?rest_route=%2Fwp%2Fv2%2Fmedia&parent=633"}],"wp:term":[{"taxonomy":"category","embeddable":true,"href":"https:\/\/realschule-gruenstrasse.de\/index.php?rest_route=%2Fwp%2Fv2%2Fcategories&post=633"},{"taxonomy":"post_tag","embeddable":true,"href":"https:\/\/realschule-gruenstrasse.de\/index.php?rest_route=%2Fwp%2Fv2%2Ftags&post=633"}],"curies":[{"name":"wp","href":"https:\/\/api.w.org\/{rel}","templated":true}]}}