{"id":1505,"date":"2026-04-17T11:25:01","date_gmt":"2026-04-17T09:25:01","guid":{"rendered":"https:\/\/realschule-gruenstrasse.de\/?p=1505"},"modified":"2026-04-17T11:48:55","modified_gmt":"2026-04-17T09:48:55","slug":"elterncafe-in-der-mensa-ein-gemuetlicher-start","status":"publish","type":"post","link":"https:\/\/realschule-gruenstrasse.de\/?p=1505","title":{"rendered":"Elterncaf\u00e9 in der Mensa \u2013 ein gem\u00fctlicher Start"},"content":{"rendered":"\n<figure class=\"wp-block-image size-large\"><img loading=\"lazy\" decoding=\"async\" width=\"1024\" height=\"768\" src=\"https:\/\/realschule-gruenstrasse.de\/wp-content\/uploads\/2026\/04\/IMG_6856-1-1024x768.jpeg\" alt=\"\" class=\"wp-image-1507\" srcset=\"https:\/\/realschule-gruenstrasse.de\/wp-content\/uploads\/2026\/04\/IMG_6856-1-1024x768.jpeg 1024w, https:\/\/realschule-gruenstrasse.de\/wp-content\/uploads\/2026\/04\/IMG_6856-1-500x375.jpeg 500w, https:\/\/realschule-gruenstrasse.de\/wp-content\/uploads\/2026\/04\/IMG_6856-1-768x576.jpeg 768w, https:\/\/realschule-gruenstrasse.de\/wp-content\/uploads\/2026\/04\/IMG_6856-1-1536x1152.jpeg 1536w, https:\/\/realschule-gruenstrasse.de\/wp-content\/uploads\/2026\/04\/IMG_6856-1-2048x1536.jpeg 2048w\" sizes=\"auto, (max-width: 1024px) 100vw, 1024px\" \/><\/figure>\n\n\n\n<figure class=\"wp-block-image size-large\"><img loading=\"lazy\" decoding=\"async\" width=\"768\" height=\"1024\" src=\"https:\/\/realschule-gruenstrasse.de\/wp-content\/uploads\/2026\/04\/IMG_6845-768x1024.jpeg\" alt=\"\" class=\"wp-image-1508\" srcset=\"https:\/\/realschule-gruenstrasse.de\/wp-content\/uploads\/2026\/04\/IMG_6845-768x1024.jpeg 768w, https:\/\/realschule-gruenstrasse.de\/wp-content\/uploads\/2026\/04\/IMG_6845-375x500.jpeg 375w, https:\/\/realschule-gruenstrasse.de\/wp-content\/uploads\/2026\/04\/IMG_6845-1152x1536.jpeg 1152w, https:\/\/realschule-gruenstrasse.de\/wp-content\/uploads\/2026\/04\/IMG_6845-1536x2048.jpeg 1536w, https:\/\/realschule-gruenstrasse.de\/wp-content\/uploads\/2026\/04\/IMG_6845-scaled.jpeg 1920w\" sizes=\"auto, (max-width: 768px) 100vw, 768px\" \/><\/figure>\n\n\n\n<figure class=\"wp-block-image size-large\"><img loading=\"lazy\" decoding=\"async\" width=\"1024\" height=\"768\" src=\"https:\/\/realschule-gruenstrasse.de\/wp-content\/uploads\/2026\/04\/IMG_6847-1024x768.jpeg\" alt=\"\" class=\"wp-image-1509\" srcset=\"https:\/\/realschule-gruenstrasse.de\/wp-content\/uploads\/2026\/04\/IMG_6847-1024x768.jpeg 1024w, https:\/\/realschule-gruenstrasse.de\/wp-content\/uploads\/2026\/04\/IMG_6847-500x375.jpeg 500w, https:\/\/realschule-gruenstrasse.de\/wp-content\/uploads\/2026\/04\/IMG_6847-768x576.jpeg 768w, https:\/\/realschule-gruenstrasse.de\/wp-content\/uploads\/2026\/04\/IMG_6847-1536x1152.jpeg 1536w, https:\/\/realschule-gruenstrasse.de\/wp-content\/uploads\/2026\/04\/IMG_6847-2048x1536.jpeg 2048w\" sizes=\"auto, (max-width: 1024px) 100vw, 1024px\" \/><\/figure>\n\n\n\n<blockquote class=\"wp-block-quote is-layout-flow wp-block-quote-is-layout-flow\">\n<p><br>Beim gestrigen Elterncaf\u00e9 in der Mensa der Realschule Gr\u00fcnstra\u00dfe stand eines im Mittelpunkt: Begegnung. Bei frisch gebr\u00fchtem Kaffee und einer Auswahl an Kuchen kamen Eltern und Lehrkr\u00e4fte\u00a0 miteinander ins Gespr\u00e4ch. Die entspannte Atmosph\u00e4re bot Raum f\u00fcr Austausch, neue Kontakte und kleine Einblicke in den Schulalltag. Es war ein gelungenes Treffen, das zeigt, wie wertvoll gemeinsames Miteinander f\u00fcr unsere Schulgemeinschaft ist.<\/p>\n\n\n\n<p>Das Elterncaf\u00e9  findet jeden dritten Donnerstag im Monat statt. Alle interessierten Eltern und Lehrkr\u00e4fte sind herzlich willkommen.<\/p>\n<\/blockquote>\n\n\n\n<p><\/p>\n\n\n\n<p><\/p>\n","protected":false},"excerpt":{"rendered":"<p>Beim gestrigen Elterncaf\u00e9 in der Mensa der Realschule Gr\u00fcnstra\u00dfe stand eines im Mittelpunkt: Begegnung. Bei frisch gebr\u00fchtem Kaffee und einer Auswahl an Kuchen kamen Eltern und Lehrkr\u00e4fte\u00a0 miteinander ins Gespr\u00e4ch. Die entspannte Atmosph\u00e4re bot Raum f\u00fcr Austausch, neue Kontakte und kleine Einblicke in den Schulalltag. Es war ein gelungenes Treffen, das zeigt, wie wertvoll gemeinsames&hellip;&nbsp;<a href=\"https:\/\/realschule-gruenstrasse.de\/?p=1505\" rel=\"bookmark\">Weiterlesen &raquo;<span class=\"screen-reader-text\">Elterncaf\u00e9 in der Mensa \u2013 ein gem\u00fctlicher Start<\/span><\/a><\/p>\n","protected":false},"author":1,"featured_media":1507,"comment_status":"closed","ping_status":"open","sticky":false,"template":"","format":"standard","meta":{"neve_meta_sidebar":"","neve_meta_container":"","neve_meta_enable_content_width":"","neve_meta_content_width":0,"neve_meta_title_alignment":"","neve_meta_author_avatar":"","neve_post_elements_order":"","neve_meta_disable_header":"","neve_meta_disable_footer":"","neve_meta_disable_title":"","footnotes":""},"categories":[1],"tags":[],"class_list":["post-1505","post","type-post","status-publish","format-standard","has-post-thumbnail","hentry","category-allgemein"],"_links":{"self":[{"href":"https:\/\/realschule-gruenstrasse.de\/index.php?rest_route=\/wp\/v2\/posts\/1505","targetHints":{"allow":["GET"]}}],"collection":[{"href":"https:\/\/realschule-gruenstrasse.de\/index.php?rest_route=\/wp\/v2\/posts"}],"about":[{"href":"https:\/\/realschule-gruenstrasse.de\/index.php?rest_route=\/wp\/v2\/types\/post"}],"author":[{"embeddable":true,"href":"https:\/\/realschule-gruenstrasse.de\/index.php?rest_route=\/wp\/v2\/users\/1"}],"replies":[{"embeddable":true,"href":"https:\/\/realschule-gruenstrasse.de\/index.php?rest_route=%2Fwp%2Fv2%2Fcomments&post=1505"}],"version-history":[{"count":2,"href":"https:\/\/realschule-gruenstrasse.de\/index.php?rest_route=\/wp\/v2\/posts\/1505\/revisions"}],"predecessor-version":[{"id":1512,"href":"https:\/\/realschule-gruenstrasse.de\/index.php?rest_route=\/wp\/v2\/posts\/1505\/revisions\/1512"}],"wp:featuredmedia":[{"embeddable":true,"href":"https:\/\/realschule-gruenstrasse.de\/index.php?rest_route=\/wp\/v2\/media\/1507"}],"wp:attachment":[{"href":"https:\/\/realschule-gruenstrasse.de\/index.php?rest_route=%2Fwp%2Fv2%2Fmedia&parent=1505"}],"wp:term":[{"taxonomy":"category","embeddable":true,"href":"https:\/\/realschule-gruenstrasse.de\/index.php?rest_route=%2Fwp%2Fv2%2Fcategories&post=1505"},{"taxonomy":"post_tag","embeddable":true,"href":"https:\/\/realschule-gruenstrasse.de\/index.php?rest_route=%2Fwp%2Fv2%2Ftags&post=1505"}],"curies":[{"name":"wp","href":"https:\/\/api.w.org\/{rel}","templated":true}]}}