{"id":1490,"date":"2026-03-04T08:18:31","date_gmt":"2026-03-04T07:18:31","guid":{"rendered":"https:\/\/realschule-gruenstrasse.de\/?p=1490"},"modified":"2026-03-04T08:18:32","modified_gmt":"2026-03-04T07:18:32","slug":"crash-kurs-nrw-an-der-rsg","status":"publish","type":"post","link":"https:\/\/realschule-gruenstrasse.de\/?p=1490","title":{"rendered":"Crash Kurs NRW an der RSG"},"content":{"rendered":"\n<figure class=\"wp-block-image size-large\"><img loading=\"lazy\" decoding=\"async\" width=\"1024\" height=\"768\" src=\"https:\/\/realschule-gruenstrasse.de\/wp-content\/uploads\/2026\/03\/64e89fc8-fc62-4c13-b82c-57d5fbf8a9d4-1024x768.jpeg\" alt=\"\" class=\"wp-image-1497\" srcset=\"https:\/\/realschule-gruenstrasse.de\/wp-content\/uploads\/2026\/03\/64e89fc8-fc62-4c13-b82c-57d5fbf8a9d4-1024x768.jpeg 1024w, https:\/\/realschule-gruenstrasse.de\/wp-content\/uploads\/2026\/03\/64e89fc8-fc62-4c13-b82c-57d5fbf8a9d4-500x375.jpeg 500w, https:\/\/realschule-gruenstrasse.de\/wp-content\/uploads\/2026\/03\/64e89fc8-fc62-4c13-b82c-57d5fbf8a9d4-768x576.jpeg 768w, https:\/\/realschule-gruenstrasse.de\/wp-content\/uploads\/2026\/03\/64e89fc8-fc62-4c13-b82c-57d5fbf8a9d4-1536x1152.jpeg 1536w, https:\/\/realschule-gruenstrasse.de\/wp-content\/uploads\/2026\/03\/64e89fc8-fc62-4c13-b82c-57d5fbf8a9d4-2048x1535.jpeg 2048w\" sizes=\"auto, (max-width: 1024px) 100vw, 1024px\" \/><\/figure>\n\n\n\n<figure class=\"wp-block-image size-large\"><img loading=\"lazy\" decoding=\"async\" width=\"1024\" height=\"768\" src=\"https:\/\/realschule-gruenstrasse.de\/wp-content\/uploads\/2026\/03\/46191c0d-efcc-4bdb-b148-60a8502e98b1-1024x768.jpeg\" alt=\"\" class=\"wp-image-1496\" srcset=\"https:\/\/realschule-gruenstrasse.de\/wp-content\/uploads\/2026\/03\/46191c0d-efcc-4bdb-b148-60a8502e98b1-1024x768.jpeg 1024w, https:\/\/realschule-gruenstrasse.de\/wp-content\/uploads\/2026\/03\/46191c0d-efcc-4bdb-b148-60a8502e98b1-500x375.jpeg 500w, https:\/\/realschule-gruenstrasse.de\/wp-content\/uploads\/2026\/03\/46191c0d-efcc-4bdb-b148-60a8502e98b1-768x576.jpeg 768w, https:\/\/realschule-gruenstrasse.de\/wp-content\/uploads\/2026\/03\/46191c0d-efcc-4bdb-b148-60a8502e98b1-1536x1152.jpeg 1536w, https:\/\/realschule-gruenstrasse.de\/wp-content\/uploads\/2026\/03\/46191c0d-efcc-4bdb-b148-60a8502e98b1.jpeg 1600w\" sizes=\"auto, (max-width: 1024px) 100vw, 1024px\" \/><\/figure>\n\n\n\n<blockquote class=\"wp-block-quote is-layout-flow wp-block-quote-is-layout-flow\">\n<p>In dieser Woche fand wieder der \u201eCrash Kurs NRW\u201c an der Realschule Gr\u00fcnstra\u00dfe f\u00fcr die Sch\u00fclerinnen und Sch\u00fcler der 10. Klasse statt. Die Veranstaltung hat das Ziel die Zahl von schweren Verkehrsunf\u00e4llen \u2013 vor allem Verkehrsunf\u00e4lle unter Beteiligung junger Menschen \u2013 nachhaltig zu senken.<\/p>\n\n\n\n<p>Zu diesem Zweck wurde den Sch\u00fclerinnen und Sch\u00fcler von regionalen und realen Verkehrsunf\u00e4llen berichtet. Was die Veranstaltung besonders eindr\u00fccklich macht, waren die Vortragenden: Mitglieder der Rettungskette in NRW. Polizisten, Einsatzkr\u00e4fte von Feuerwehr und Rettungsdienst sowie Notfallseelsorger berichteten den Jugendlichen von Unf\u00e4llen, die sie selbst durch ihre Arbeit erleben mussten. Dem Team des Crash Kurses aus dem EN-Kreis gelang es, den Sch\u00fclerinnen und Sch\u00fclern m\u00f6gliche Ursachen und die tragischen Folgen der vorgestellten Verkehrsunf\u00e4lle aufzuzeigen.<\/p>\n\n\n\n<p>Die Sch\u00fclerinnen und Sch\u00fcler wurden w\u00e4hrend der Veranstaltung von ihren Klassenlehrern sowie dem Team f\u00fcr \u201epsychosoziale Unterst\u00fctzung\u201c der Feuerwehr begleitet, so dass aufgew\u00fchlte Erinnerungen oder emotionale \u00dcberforderungen direkt aufgefangen werden konnten.<\/p>\n\n\n\n<p><\/p>\n\n\n\n<p>Die Realschule Gr\u00fcnstra\u00dfe dankt allen Beteiligten herzlich f\u00fcr ihren Einsatz!<\/p>\n<\/blockquote>\n\n\n\n<p><\/p>\n","protected":false},"excerpt":{"rendered":"<p>In dieser Woche fand wieder der \u201eCrash Kurs NRW\u201c an der Realschule Gr\u00fcnstra\u00dfe f\u00fcr die Sch\u00fclerinnen und Sch\u00fcler der 10. Klasse statt. Die Veranstaltung hat das Ziel die Zahl von schweren Verkehrsunf\u00e4llen \u2013 vor allem Verkehrsunf\u00e4lle unter Beteiligung junger Menschen \u2013 nachhaltig zu senken. Zu diesem Zweck wurde den Sch\u00fclerinnen und Sch\u00fcler von regionalen und&hellip;&nbsp;<a href=\"https:\/\/realschule-gruenstrasse.de\/?p=1490\" rel=\"bookmark\">Weiterlesen &raquo;<span class=\"screen-reader-text\">Crash Kurs NRW an der RSG<\/span><\/a><\/p>\n","protected":false},"author":1,"featured_media":1495,"comment_status":"closed","ping_status":"open","sticky":false,"template":"","format":"standard","meta":{"neve_meta_sidebar":"","neve_meta_container":"","neve_meta_enable_content_width":"","neve_meta_content_width":0,"neve_meta_title_alignment":"","neve_meta_author_avatar":"","neve_post_elements_order":"","neve_meta_disable_header":"","neve_meta_disable_footer":"","neve_meta_disable_title":"","footnotes":""},"categories":[1],"tags":[],"class_list":["post-1490","post","type-post","status-publish","format-standard","has-post-thumbnail","hentry","category-allgemein"],"_links":{"self":[{"href":"https:\/\/realschule-gruenstrasse.de\/index.php?rest_route=\/wp\/v2\/posts\/1490","targetHints":{"allow":["GET"]}}],"collection":[{"href":"https:\/\/realschule-gruenstrasse.de\/index.php?rest_route=\/wp\/v2\/posts"}],"about":[{"href":"https:\/\/realschule-gruenstrasse.de\/index.php?rest_route=\/wp\/v2\/types\/post"}],"author":[{"embeddable":true,"href":"https:\/\/realschule-gruenstrasse.de\/index.php?rest_route=\/wp\/v2\/users\/1"}],"replies":[{"embeddable":true,"href":"https:\/\/realschule-gruenstrasse.de\/index.php?rest_route=%2Fwp%2Fv2%2Fcomments&post=1490"}],"version-history":[{"count":5,"href":"https:\/\/realschule-gruenstrasse.de\/index.php?rest_route=\/wp\/v2\/posts\/1490\/revisions"}],"predecessor-version":[{"id":1502,"href":"https:\/\/realschule-gruenstrasse.de\/index.php?rest_route=\/wp\/v2\/posts\/1490\/revisions\/1502"}],"wp:featuredmedia":[{"embeddable":true,"href":"https:\/\/realschule-gruenstrasse.de\/index.php?rest_route=\/wp\/v2\/media\/1495"}],"wp:attachment":[{"href":"https:\/\/realschule-gruenstrasse.de\/index.php?rest_route=%2Fwp%2Fv2%2Fmedia&parent=1490"}],"wp:term":[{"taxonomy":"category","embeddable":true,"href":"https:\/\/realschule-gruenstrasse.de\/index.php?rest_route=%2Fwp%2Fv2%2Fcategories&post=1490"},{"taxonomy":"post_tag","embeddable":true,"href":"https:\/\/realschule-gruenstrasse.de\/index.php?rest_route=%2Fwp%2Fv2%2Ftags&post=1490"}],"curies":[{"name":"wp","href":"https:\/\/api.w.org\/{rel}","templated":true}]}}