{"id":1276,"date":"2025-12-23T10:29:10","date_gmt":"2025-12-23T09:29:10","guid":{"rendered":"https:\/\/realschule-gruenstrasse.de\/?p=1276"},"modified":"2025-12-23T10:29:11","modified_gmt":"2025-12-23T09:29:11","slug":"weihnachtliche-talentshow-2025","status":"publish","type":"post","link":"https:\/\/realschule-gruenstrasse.de\/?p=1276","title":{"rendered":"Weihnachtliche Talentshow 2025"},"content":{"rendered":"\n<p>Am 18. Dezember 2025 fand zum dritten Mal unsere von der SV organisierte weihnachtliche Talentshow statt. W\u00e4hrend des Schultags pr\u00e4sentierten viele Sch\u00fclerinnen und Sch\u00fcler ihre Talente und sorgten f\u00fcr eine fr\u00f6hliche, festliche Stimmung in der Aula.<\/p>\n\n\n\n<p>Zum Abschluss sangen wir gemeinsam Weihnachtslieder und verabschiedeten uns in die Ferien.<\/p>\n\n\n\n<p>Wir w\u00fcnschen allen eine erholsame Weihnachtszeit und einen guten Rutsch ins Jahr 2026.<\/p>\n\n\n\n<figure class=\"wp-block-image size-large\"><img loading=\"lazy\" decoding=\"async\" width=\"1024\" height=\"576\" src=\"https:\/\/realschule-gruenstrasse.de\/wp-content\/uploads\/2025\/12\/FullSizeRender-1024x576.jpeg\" alt=\"\" class=\"wp-image-1277\" srcset=\"https:\/\/realschule-gruenstrasse.de\/wp-content\/uploads\/2025\/12\/FullSizeRender-1024x576.jpeg 1024w, https:\/\/realschule-gruenstrasse.de\/wp-content\/uploads\/2025\/12\/FullSizeRender-500x281.jpeg 500w, https:\/\/realschule-gruenstrasse.de\/wp-content\/uploads\/2025\/12\/FullSizeRender-768x432.jpeg 768w, https:\/\/realschule-gruenstrasse.de\/wp-content\/uploads\/2025\/12\/FullSizeRender-1536x864.jpeg 1536w, https:\/\/realschule-gruenstrasse.de\/wp-content\/uploads\/2025\/12\/FullSizeRender-2048x1152.jpeg 2048w\" sizes=\"auto, (max-width: 1024px) 100vw, 1024px\" \/><\/figure>\n\n\n\n<figure class=\"wp-block-image size-large\"><img loading=\"lazy\" decoding=\"async\" width=\"1024\" height=\"576\" src=\"https:\/\/realschule-gruenstrasse.de\/wp-content\/uploads\/2025\/12\/IMG_8855-1024x576.jpeg\" alt=\"\" class=\"wp-image-1278\" srcset=\"https:\/\/realschule-gruenstrasse.de\/wp-content\/uploads\/2025\/12\/IMG_8855-1024x576.jpeg 1024w, https:\/\/realschule-gruenstrasse.de\/wp-content\/uploads\/2025\/12\/IMG_8855-500x281.jpeg 500w, https:\/\/realschule-gruenstrasse.de\/wp-content\/uploads\/2025\/12\/IMG_8855-768x432.jpeg 768w, https:\/\/realschule-gruenstrasse.de\/wp-content\/uploads\/2025\/12\/IMG_8855-1536x864.jpeg 1536w, https:\/\/realschule-gruenstrasse.de\/wp-content\/uploads\/2025\/12\/IMG_8855-2048x1152.jpeg 2048w\" sizes=\"auto, (max-width: 1024px) 100vw, 1024px\" \/><\/figure>\n\n\n\n<figure class=\"wp-block-image size-large\"><img loading=\"lazy\" decoding=\"async\" width=\"1024\" height=\"576\" src=\"https:\/\/realschule-gruenstrasse.de\/wp-content\/uploads\/2025\/12\/IMG_8849-1024x576.jpeg\" alt=\"\" class=\"wp-image-1279\" srcset=\"https:\/\/realschule-gruenstrasse.de\/wp-content\/uploads\/2025\/12\/IMG_8849-1024x576.jpeg 1024w, https:\/\/realschule-gruenstrasse.de\/wp-content\/uploads\/2025\/12\/IMG_8849-500x281.jpeg 500w, https:\/\/realschule-gruenstrasse.de\/wp-content\/uploads\/2025\/12\/IMG_8849-768x432.jpeg 768w, https:\/\/realschule-gruenstrasse.de\/wp-content\/uploads\/2025\/12\/IMG_8849-1536x864.jpeg 1536w, https:\/\/realschule-gruenstrasse.de\/wp-content\/uploads\/2025\/12\/IMG_8849.jpeg 1920w\" sizes=\"auto, (max-width: 1024px) 100vw, 1024px\" \/><\/figure>\n\n\n\n<figure class=\"wp-block-image size-large\"><img loading=\"lazy\" decoding=\"async\" width=\"1024\" height=\"576\" src=\"https:\/\/realschule-gruenstrasse.de\/wp-content\/uploads\/2025\/12\/IMG_8835-1024x576.jpeg\" alt=\"\" class=\"wp-image-1280\" srcset=\"https:\/\/realschule-gruenstrasse.de\/wp-content\/uploads\/2025\/12\/IMG_8835-1024x576.jpeg 1024w, https:\/\/realschule-gruenstrasse.de\/wp-content\/uploads\/2025\/12\/IMG_8835-500x281.jpeg 500w, https:\/\/realschule-gruenstrasse.de\/wp-content\/uploads\/2025\/12\/IMG_8835-768x432.jpeg 768w, https:\/\/realschule-gruenstrasse.de\/wp-content\/uploads\/2025\/12\/IMG_8835-1536x864.jpeg 1536w, https:\/\/realschule-gruenstrasse.de\/wp-content\/uploads\/2025\/12\/IMG_8835.jpeg 1920w\" sizes=\"auto, (max-width: 1024px) 100vw, 1024px\" \/><\/figure>\n\n\n\n<figure class=\"wp-block-image size-large\"><img loading=\"lazy\" decoding=\"async\" width=\"1024\" height=\"576\" src=\"https:\/\/realschule-gruenstrasse.de\/wp-content\/uploads\/2025\/12\/IMG_8816-1024x576.jpeg\" alt=\"\" class=\"wp-image-1281\" srcset=\"https:\/\/realschule-gruenstrasse.de\/wp-content\/uploads\/2025\/12\/IMG_8816-1024x576.jpeg 1024w, https:\/\/realschule-gruenstrasse.de\/wp-content\/uploads\/2025\/12\/IMG_8816-500x281.jpeg 500w, https:\/\/realschule-gruenstrasse.de\/wp-content\/uploads\/2025\/12\/IMG_8816-768x432.jpeg 768w, https:\/\/realschule-gruenstrasse.de\/wp-content\/uploads\/2025\/12\/IMG_8816-1536x864.jpeg 1536w, https:\/\/realschule-gruenstrasse.de\/wp-content\/uploads\/2025\/12\/IMG_8816-2048x1152.jpeg 2048w\" sizes=\"auto, (max-width: 1024px) 100vw, 1024px\" \/><\/figure>\n\n\n\n<figure class=\"wp-block-image size-large\"><img loading=\"lazy\" decoding=\"async\" width=\"1024\" height=\"576\" src=\"https:\/\/realschule-gruenstrasse.de\/wp-content\/uploads\/2025\/12\/IMG_8814-1024x576.jpeg\" alt=\"\" class=\"wp-image-1282\" srcset=\"https:\/\/realschule-gruenstrasse.de\/wp-content\/uploads\/2025\/12\/IMG_8814-1024x576.jpeg 1024w, https:\/\/realschule-gruenstrasse.de\/wp-content\/uploads\/2025\/12\/IMG_8814-500x281.jpeg 500w, https:\/\/realschule-gruenstrasse.de\/wp-content\/uploads\/2025\/12\/IMG_8814-768x432.jpeg 768w, https:\/\/realschule-gruenstrasse.de\/wp-content\/uploads\/2025\/12\/IMG_8814-1536x864.jpeg 1536w, https:\/\/realschule-gruenstrasse.de\/wp-content\/uploads\/2025\/12\/IMG_8814-2048x1152.jpeg 2048w\" sizes=\"auto, (max-width: 1024px) 100vw, 1024px\" \/><\/figure>\n","protected":false},"excerpt":{"rendered":"<p>Am 18. Dezember 2025 fand zum dritten Mal unsere von der SV organisierte weihnachtliche Talentshow statt. W\u00e4hrend des Schultags pr\u00e4sentierten viele Sch\u00fclerinnen und Sch\u00fcler ihre Talente und sorgten f\u00fcr eine fr\u00f6hliche, festliche Stimmung in der Aula. Zum Abschluss sangen wir gemeinsam Weihnachtslieder und verabschiedeten uns in die Ferien. Wir w\u00fcnschen allen eine erholsame Weihnachtszeit und&hellip;&nbsp;<a href=\"https:\/\/realschule-gruenstrasse.de\/?p=1276\" rel=\"bookmark\">Weiterlesen &raquo;<span class=\"screen-reader-text\">Weihnachtliche Talentshow 2025<\/span><\/a><\/p>\n","protected":false},"author":1,"featured_media":1277,"comment_status":"closed","ping_status":"open","sticky":false,"template":"","format":"standard","meta":{"neve_meta_sidebar":"","neve_meta_container":"","neve_meta_enable_content_width":"","neve_meta_content_width":0,"neve_meta_title_alignment":"","neve_meta_author_avatar":"","neve_post_elements_order":"","neve_meta_disable_header":"","neve_meta_disable_footer":"","neve_meta_disable_title":"","footnotes":""},"categories":[1],"tags":[],"class_list":["post-1276","post","type-post","status-publish","format-standard","has-post-thumbnail","hentry","category-allgemein"],"_links":{"self":[{"href":"https:\/\/realschule-gruenstrasse.de\/index.php?rest_route=\/wp\/v2\/posts\/1276","targetHints":{"allow":["GET"]}}],"collection":[{"href":"https:\/\/realschule-gruenstrasse.de\/index.php?rest_route=\/wp\/v2\/posts"}],"about":[{"href":"https:\/\/realschule-gruenstrasse.de\/index.php?rest_route=\/wp\/v2\/types\/post"}],"author":[{"embeddable":true,"href":"https:\/\/realschule-gruenstrasse.de\/index.php?rest_route=\/wp\/v2\/users\/1"}],"replies":[{"embeddable":true,"href":"https:\/\/realschule-gruenstrasse.de\/index.php?rest_route=%2Fwp%2Fv2%2Fcomments&post=1276"}],"version-history":[{"count":1,"href":"https:\/\/realschule-gruenstrasse.de\/index.php?rest_route=\/wp\/v2\/posts\/1276\/revisions"}],"predecessor-version":[{"id":1283,"href":"https:\/\/realschule-gruenstrasse.de\/index.php?rest_route=\/wp\/v2\/posts\/1276\/revisions\/1283"}],"wp:featuredmedia":[{"embeddable":true,"href":"https:\/\/realschule-gruenstrasse.de\/index.php?rest_route=\/wp\/v2\/media\/1277"}],"wp:attachment":[{"href":"https:\/\/realschule-gruenstrasse.de\/index.php?rest_route=%2Fwp%2Fv2%2Fmedia&parent=1276"}],"wp:term":[{"taxonomy":"category","embeddable":true,"href":"https:\/\/realschule-gruenstrasse.de\/index.php?rest_route=%2Fwp%2Fv2%2Fcategories&post=1276"},{"taxonomy":"post_tag","embeddable":true,"href":"https:\/\/realschule-gruenstrasse.de\/index.php?rest_route=%2Fwp%2Fv2%2Ftags&post=1276"}],"curies":[{"name":"wp","href":"https:\/\/api.w.org\/{rel}","templated":true}]}}