{"id":1263,"date":"2025-12-11T13:34:46","date_gmt":"2025-12-11T12:34:46","guid":{"rendered":"https:\/\/realschule-gruenstrasse.de\/?p=1263"},"modified":"2025-12-11T13:49:01","modified_gmt":"2025-12-11T12:49:01","slug":"ein-herzlicher-und-festlicher-informationstag-an-unserer-schule","status":"publish","type":"post","link":"https:\/\/realschule-gruenstrasse.de\/?p=1263","title":{"rendered":"Ein herzlicher und festlicher Informationstag an unserer Schule!"},"content":{"rendered":"\n<figure class=\"wp-block-image size-large\"><img loading=\"lazy\" decoding=\"async\" width=\"1024\" height=\"768\" src=\"https:\/\/realschule-gruenstrasse.de\/wp-content\/uploads\/2025\/12\/2-1-1024x768.jpeg\" alt=\"\" class=\"wp-image-1265\" srcset=\"https:\/\/realschule-gruenstrasse.de\/wp-content\/uploads\/2025\/12\/2-1-1024x768.jpeg 1024w, https:\/\/realschule-gruenstrasse.de\/wp-content\/uploads\/2025\/12\/2-1-500x375.jpeg 500w, https:\/\/realschule-gruenstrasse.de\/wp-content\/uploads\/2025\/12\/2-1-768x576.jpeg 768w, https:\/\/realschule-gruenstrasse.de\/wp-content\/uploads\/2025\/12\/2-1-1536x1152.jpeg 1536w, https:\/\/realschule-gruenstrasse.de\/wp-content\/uploads\/2025\/12\/2-1-2048x1536.jpeg 2048w\" sizes=\"auto, (max-width: 1024px) 100vw, 1024px\" \/><\/figure>\n\n\n\n<figure class=\"wp-block-image size-large\"><img loading=\"lazy\" decoding=\"async\" width=\"1024\" height=\"768\" src=\"https:\/\/realschule-gruenstrasse.de\/wp-content\/uploads\/2025\/12\/3-1-1024x768.jpeg\" alt=\"\" class=\"wp-image-1267\" srcset=\"https:\/\/realschule-gruenstrasse.de\/wp-content\/uploads\/2025\/12\/3-1-1024x768.jpeg 1024w, https:\/\/realschule-gruenstrasse.de\/wp-content\/uploads\/2025\/12\/3-1-500x375.jpeg 500w, https:\/\/realschule-gruenstrasse.de\/wp-content\/uploads\/2025\/12\/3-1-768x576.jpeg 768w, https:\/\/realschule-gruenstrasse.de\/wp-content\/uploads\/2025\/12\/3-1-1536x1152.jpeg 1536w, https:\/\/realschule-gruenstrasse.de\/wp-content\/uploads\/2025\/12\/3-1.jpeg 2048w\" sizes=\"auto, (max-width: 1024px) 100vw, 1024px\" \/><\/figure>\n\n\n\n<figure class=\"wp-block-image size-large\"><img loading=\"lazy\" decoding=\"async\" width=\"768\" height=\"1024\" src=\"https:\/\/realschule-gruenstrasse.de\/wp-content\/uploads\/2025\/12\/4-768x1024.jpeg\" alt=\"\" class=\"wp-image-1268\" srcset=\"https:\/\/realschule-gruenstrasse.de\/wp-content\/uploads\/2025\/12\/4-768x1024.jpeg 768w, https:\/\/realschule-gruenstrasse.de\/wp-content\/uploads\/2025\/12\/4-375x500.jpeg 375w, https:\/\/realschule-gruenstrasse.de\/wp-content\/uploads\/2025\/12\/4-1152x1536.jpeg 1152w, https:\/\/realschule-gruenstrasse.de\/wp-content\/uploads\/2025\/12\/4-1536x2048.jpeg 1536w, https:\/\/realschule-gruenstrasse.de\/wp-content\/uploads\/2025\/12\/4-scaled.jpeg 1920w\" sizes=\"auto, (max-width: 768px) 100vw, 768px\" \/><\/figure>\n\n\n\n<p><strong>Am 5. Dezember 2025 \u00f6ffnete die Realschule Gr\u00fcnstra\u00dfe ihre T\u00fcren f\u00fcr interessierte Sch\u00fclerinnen und Sch\u00fcler sowie deren Eltern.<\/strong><\/p>\n\n\n\n<p>\u2022 Zahlreiche G\u00e4ste nutzten die Gelegenheit, unsere Schule und das vielf\u00e4ltige Schulleben kennenzulernen.<br>\u2022 Lehrkr\u00e4fte und Sch\u00fclerinnen und Sch\u00fcler stellten Projekte, F\u00e4cher und Arbeitsgemeinschaften vor.<br>\u2022 In pers\u00f6nlichen Gespr\u00e4chen konnten Fragen beantwortet und Eindr\u00fccke vertieft werden.<\/p>\n\n\n\n<p>Wir danken allen Beteiligten f\u00fcr ihr Engagement und freuen uns \u00fcber das gro\u00dfe Interesse.<br>Der Infonachmittag war ein gelungener Einblick in unsere Arbeit und unser Miteinander.<\/p>\n\n\n\n<p><\/p>\n\n\n\n<p><\/p>\n","protected":false},"excerpt":{"rendered":"<p>Am 5. Dezember 2025 \u00f6ffnete die Realschule Gr\u00fcnstra\u00dfe ihre T\u00fcren f\u00fcr interessierte Sch\u00fclerinnen und Sch\u00fcler sowie deren Eltern. \u2022 Zahlreiche G\u00e4ste nutzten die Gelegenheit, unsere Schule und das vielf\u00e4ltige Schulleben kennenzulernen.\u2022 Lehrkr\u00e4fte und Sch\u00fclerinnen und Sch\u00fcler stellten Projekte, F\u00e4cher und Arbeitsgemeinschaften vor.\u2022 In pers\u00f6nlichen Gespr\u00e4chen konnten Fragen beantwortet und Eindr\u00fccke vertieft werden. Wir danken allen&hellip;&nbsp;<a href=\"https:\/\/realschule-gruenstrasse.de\/?p=1263\" rel=\"bookmark\">Weiterlesen &raquo;<span class=\"screen-reader-text\">Ein herzlicher und festlicher Informationstag an unserer Schule!<\/span><\/a><\/p>\n","protected":false},"author":1,"featured_media":1265,"comment_status":"closed","ping_status":"open","sticky":false,"template":"","format":"standard","meta":{"neve_meta_sidebar":"","neve_meta_container":"","neve_meta_enable_content_width":"","neve_meta_content_width":0,"neve_meta_title_alignment":"","neve_meta_author_avatar":"","neve_post_elements_order":"","neve_meta_disable_header":"","neve_meta_disable_footer":"","neve_meta_disable_title":"","footnotes":""},"categories":[1],"tags":[],"class_list":["post-1263","post","type-post","status-publish","format-standard","has-post-thumbnail","hentry","category-allgemein"],"_links":{"self":[{"href":"https:\/\/realschule-gruenstrasse.de\/index.php?rest_route=\/wp\/v2\/posts\/1263","targetHints":{"allow":["GET"]}}],"collection":[{"href":"https:\/\/realschule-gruenstrasse.de\/index.php?rest_route=\/wp\/v2\/posts"}],"about":[{"href":"https:\/\/realschule-gruenstrasse.de\/index.php?rest_route=\/wp\/v2\/types\/post"}],"author":[{"embeddable":true,"href":"https:\/\/realschule-gruenstrasse.de\/index.php?rest_route=\/wp\/v2\/users\/1"}],"replies":[{"embeddable":true,"href":"https:\/\/realschule-gruenstrasse.de\/index.php?rest_route=%2Fwp%2Fv2%2Fcomments&post=1263"}],"version-history":[{"count":5,"href":"https:\/\/realschule-gruenstrasse.de\/index.php?rest_route=\/wp\/v2\/posts\/1263\/revisions"}],"predecessor-version":[{"id":1274,"href":"https:\/\/realschule-gruenstrasse.de\/index.php?rest_route=\/wp\/v2\/posts\/1263\/revisions\/1274"}],"wp:featuredmedia":[{"embeddable":true,"href":"https:\/\/realschule-gruenstrasse.de\/index.php?rest_route=\/wp\/v2\/media\/1265"}],"wp:attachment":[{"href":"https:\/\/realschule-gruenstrasse.de\/index.php?rest_route=%2Fwp%2Fv2%2Fmedia&parent=1263"}],"wp:term":[{"taxonomy":"category","embeddable":true,"href":"https:\/\/realschule-gruenstrasse.de\/index.php?rest_route=%2Fwp%2Fv2%2Fcategories&post=1263"},{"taxonomy":"post_tag","embeddable":true,"href":"https:\/\/realschule-gruenstrasse.de\/index.php?rest_route=%2Fwp%2Fv2%2Ftags&post=1263"}],"curies":[{"name":"wp","href":"https:\/\/api.w.org\/{rel}","templated":true}]}}