{"id":1241,"date":"2025-11-24T15:13:30","date_gmt":"2025-11-24T14:13:30","guid":{"rendered":"https:\/\/realschule-gruenstrasse.de\/?p=1241"},"modified":"2025-11-25T08:06:10","modified_gmt":"2025-11-25T07:06:10","slug":"klima-baumpflanzaktion-fuer-die-zukunft","status":"publish","type":"post","link":"https:\/\/realschule-gruenstrasse.de\/?p=1241","title":{"rendered":"Klima-Baumpflanzaktion f\u00fcr die Zukunft!"},"content":{"rendered":"\n<p>Im Schulenberger Wald w\u00e4chst ein neues St\u00fcck Zukunft:<br>Ein gro\u00dfer Teil der rund 500 jungen B\u00e4ume wurde dort von unseren Sch\u00fclerinnen und Sch\u00fclern gepflanzt \u2013 unterst\u00fctzt von der Stadt Hattingen und der Volksbank Sprockh\u00f6vel.<\/p>\n\n\n\n<p>Der Hintergrund: Viele heimische Baumarten wie Ahorn, Buche oder Fichte leiden zunehmend unter D\u00fcrren, St\u00fcrmen und Sch\u00e4dlingen. Damit unser Wald auch in Zukunft stark bleibt, setzten die Jugendlichen gemeinsam mit den Fachkr\u00e4ften der Stadtbetriebe auf klimastabile Arten wie den Speierling und Mammutb\u00e4ume. Unter Anleitung von Revierf\u00f6rster Thomas Jansen wurde so eine bereits angelegte Bauminsel mit jungen Setzlingen erweitert, die den Buchenwald langfristig zu einem widerstandsf\u00e4higen Mischwald umwandeln soll.<\/p>\n\n\n\n<p>Initiator der Idee ist die Volksbank Sprockh\u00f6vel, die das Projekt bereits zum dritten Mal gemeinsam mit der Stadt Hattingen durchf\u00fchrt und mit 5.000 Euro unterst\u00fctzt. Ziel ist es, den Wald zu st\u00e4rken und gleichzeitig junge Menschen f\u00fcr Klimaschutz zu begeistern.<\/p>\n\n\n\n<figure class=\"wp-block-image size-large\"><img loading=\"lazy\" decoding=\"async\" width=\"905\" height=\"1024\" src=\"https:\/\/realschule-gruenstrasse.de\/wp-content\/uploads\/2025\/11\/IMG_1336-905x1024.jpeg\" alt=\"\" class=\"wp-image-1245\" srcset=\"https:\/\/realschule-gruenstrasse.de\/wp-content\/uploads\/2025\/11\/IMG_1336-905x1024.jpeg 905w, https:\/\/realschule-gruenstrasse.de\/wp-content\/uploads\/2025\/11\/IMG_1336-442x500.jpeg 442w, https:\/\/realschule-gruenstrasse.de\/wp-content\/uploads\/2025\/11\/IMG_1336-768x869.jpeg 768w, https:\/\/realschule-gruenstrasse.de\/wp-content\/uploads\/2025\/11\/IMG_1336.jpeg 1130w\" sizes=\"auto, (max-width: 905px) 100vw, 905px\" \/><figcaption class=\"wp-element-caption\">Screenshot<\/figcaption><\/figure>\n\n\n\n<figure class=\"wp-block-image size-large\"><img loading=\"lazy\" decoding=\"async\" width=\"600\" height=\"1024\" src=\"https:\/\/realschule-gruenstrasse.de\/wp-content\/uploads\/2025\/11\/IMG_1332-600x1024.jpeg\" alt=\"\" class=\"wp-image-1243\" srcset=\"https:\/\/realschule-gruenstrasse.de\/wp-content\/uploads\/2025\/11\/IMG_1332-600x1024.jpeg 600w, https:\/\/realschule-gruenstrasse.de\/wp-content\/uploads\/2025\/11\/IMG_1332-293x500.jpeg 293w, https:\/\/realschule-gruenstrasse.de\/wp-content\/uploads\/2025\/11\/IMG_1332-768x1311.jpeg 768w, https:\/\/realschule-gruenstrasse.de\/wp-content\/uploads\/2025\/11\/IMG_1332-900x1536.jpeg 900w, https:\/\/realschule-gruenstrasse.de\/wp-content\/uploads\/2025\/11\/IMG_1332-1200x2048.jpeg 1200w, https:\/\/realschule-gruenstrasse.de\/wp-content\/uploads\/2025\/11\/IMG_1332-scaled.jpeg 1499w\" sizes=\"auto, (max-width: 600px) 100vw, 600px\" \/><\/figure>\n\n\n\n<figure class=\"wp-block-image size-large\"><img loading=\"lazy\" decoding=\"async\" width=\"1024\" height=\"1017\" src=\"https:\/\/realschule-gruenstrasse.de\/wp-content\/uploads\/2025\/11\/IMG_1339-1024x1017.jpeg\" alt=\"\" class=\"wp-image-1246\" srcset=\"https:\/\/realschule-gruenstrasse.de\/wp-content\/uploads\/2025\/11\/IMG_1339-1024x1017.jpeg 1024w, https:\/\/realschule-gruenstrasse.de\/wp-content\/uploads\/2025\/11\/IMG_1339-500x497.jpeg 500w, https:\/\/realschule-gruenstrasse.de\/wp-content\/uploads\/2025\/11\/IMG_1339-768x763.jpeg 768w, https:\/\/realschule-gruenstrasse.de\/wp-content\/uploads\/2025\/11\/IMG_1339.jpeg 1054w\" sizes=\"auto, (max-width: 1024px) 100vw, 1024px\" \/><figcaption class=\"wp-element-caption\">Screenshot<\/figcaption><\/figure>\n","protected":false},"excerpt":{"rendered":"<p>Im Schulenberger Wald w\u00e4chst ein neues St\u00fcck Zukunft:Ein gro\u00dfer Teil der rund 500 jungen B\u00e4ume wurde dort von unseren Sch\u00fclerinnen und Sch\u00fclern gepflanzt \u2013 unterst\u00fctzt von der Stadt Hattingen und der Volksbank Sprockh\u00f6vel. Der Hintergrund: Viele heimische Baumarten wie Ahorn, Buche oder Fichte leiden zunehmend unter D\u00fcrren, St\u00fcrmen und Sch\u00e4dlingen. Damit unser Wald auch in&hellip;&nbsp;<a href=\"https:\/\/realschule-gruenstrasse.de\/?p=1241\" rel=\"bookmark\">Weiterlesen &raquo;<span class=\"screen-reader-text\">Klima-Baumpflanzaktion f\u00fcr die Zukunft!<\/span><\/a><\/p>\n","protected":false},"author":1,"featured_media":1245,"comment_status":"closed","ping_status":"open","sticky":false,"template":"","format":"standard","meta":{"neve_meta_sidebar":"","neve_meta_container":"","neve_meta_enable_content_width":"","neve_meta_content_width":0,"neve_meta_title_alignment":"","neve_meta_author_avatar":"","neve_post_elements_order":"","neve_meta_disable_header":"","neve_meta_disable_footer":"","neve_meta_disable_title":"","footnotes":""},"categories":[1],"tags":[],"class_list":["post-1241","post","type-post","status-publish","format-standard","has-post-thumbnail","hentry","category-allgemein"],"_links":{"self":[{"href":"https:\/\/realschule-gruenstrasse.de\/index.php?rest_route=\/wp\/v2\/posts\/1241","targetHints":{"allow":["GET"]}}],"collection":[{"href":"https:\/\/realschule-gruenstrasse.de\/index.php?rest_route=\/wp\/v2\/posts"}],"about":[{"href":"https:\/\/realschule-gruenstrasse.de\/index.php?rest_route=\/wp\/v2\/types\/post"}],"author":[{"embeddable":true,"href":"https:\/\/realschule-gruenstrasse.de\/index.php?rest_route=\/wp\/v2\/users\/1"}],"replies":[{"embeddable":true,"href":"https:\/\/realschule-gruenstrasse.de\/index.php?rest_route=%2Fwp%2Fv2%2Fcomments&post=1241"}],"version-history":[{"count":2,"href":"https:\/\/realschule-gruenstrasse.de\/index.php?rest_route=\/wp\/v2\/posts\/1241\/revisions"}],"predecessor-version":[{"id":1247,"href":"https:\/\/realschule-gruenstrasse.de\/index.php?rest_route=\/wp\/v2\/posts\/1241\/revisions\/1247"}],"wp:featuredmedia":[{"embeddable":true,"href":"https:\/\/realschule-gruenstrasse.de\/index.php?rest_route=\/wp\/v2\/media\/1245"}],"wp:attachment":[{"href":"https:\/\/realschule-gruenstrasse.de\/index.php?rest_route=%2Fwp%2Fv2%2Fmedia&parent=1241"}],"wp:term":[{"taxonomy":"category","embeddable":true,"href":"https:\/\/realschule-gruenstrasse.de\/index.php?rest_route=%2Fwp%2Fv2%2Fcategories&post=1241"},{"taxonomy":"post_tag","embeddable":true,"href":"https:\/\/realschule-gruenstrasse.de\/index.php?rest_route=%2Fwp%2Fv2%2Ftags&post=1241"}],"curies":[{"name":"wp","href":"https:\/\/api.w.org\/{rel}","templated":true}]}}