{"id":1232,"date":"2025-11-21T14:42:21","date_gmt":"2025-11-21T13:42:21","guid":{"rendered":"https:\/\/realschule-gruenstrasse.de\/?p=1232"},"modified":"2025-11-21T14:42:23","modified_gmt":"2025-11-21T13:42:23","slug":"lesewettbewerb-2025","status":"publish","type":"post","link":"https:\/\/realschule-gruenstrasse.de\/?p=1232","title":{"rendered":"Lesewettbewerb 2025"},"content":{"rendered":"\n<figure class=\"wp-block-image size-large\"><img loading=\"lazy\" decoding=\"async\" width=\"768\" height=\"1024\" src=\"https:\/\/realschule-gruenstrasse.de\/wp-content\/uploads\/2025\/11\/IMG_1200-768x1024.jpeg\" alt=\"\" class=\"wp-image-1233\" srcset=\"https:\/\/realschule-gruenstrasse.de\/wp-content\/uploads\/2025\/11\/IMG_1200-768x1024.jpeg 768w, https:\/\/realschule-gruenstrasse.de\/wp-content\/uploads\/2025\/11\/IMG_1200-375x500.jpeg 375w, https:\/\/realschule-gruenstrasse.de\/wp-content\/uploads\/2025\/11\/IMG_1200-1152x1536.jpeg 1152w, https:\/\/realschule-gruenstrasse.de\/wp-content\/uploads\/2025\/11\/IMG_1200-1536x2048.jpeg 1536w, https:\/\/realschule-gruenstrasse.de\/wp-content\/uploads\/2025\/11\/IMG_1200-scaled.jpeg 1920w\" sizes=\"auto, (max-width: 768px) 100vw, 768px\" \/><\/figure>\n\n\n\n<p>Am 21.11.2025 fand an unserer Schule der Vorlesewettbewerb des 6. Jahrgangs statt.<\/p>\n\n\n\n<p>Mit viel Begeisterung und gro\u00dfem Einsatz traten unsere Sch\u00fclerinnen und Sch\u00fcler gegeneinander an. Die Teilnehmerinnen und Teilnehmer waren:<\/p>\n\n\n\n<p class=\"has-text-align-center\"><strong>Ra\u00fal De Luca<\/strong><\/p>\n\n\n\n<p class=\"has-text-align-center\"><strong>Amira Allouss<\/strong><\/p>\n\n\n\n<p class=\"has-text-align-center\"><strong>Sediba Bambura<\/strong><\/p>\n\n\n\n<p class=\"has-text-align-center\"><strong>Fabio Grandau.<\/strong><\/p>\n\n\n\n<p>Alle vier haben das Publikum begeistert. Sie haben tolle Beitr\u00e4ge geleistet. Damit haben sie gezeigt, wie viel Freude im Lesen steckt.<\/p>\n\n\n\n<p>Unser Schulsieger wurde <strong>Ra\u00fal De Luca<\/strong>. <\/p>\n\n\n\n<p><strong>Herzlichen Gl\u00fcckwunsch!<\/strong> \ud83c\udf89<\/p>\n\n\n\n<p>Er wird unsere Schule nun als bester Vorleser vertreten.<\/p>\n\n\n\n<p>Wir sind stolz auf alle Teilnehmenden und danken ihnen f\u00fcr ihren Mut und ihre Leidenschaft f\u00fcrs Lesen.<\/p>\n\n\n\n<p>Fachschaft Deutsch<\/p>\n\n\n\n<p><\/p>\n","protected":false},"excerpt":{"rendered":"<p>Am 21.11.2025 fand an unserer Schule der Vorlesewettbewerb des 6. Jahrgangs statt. Mit viel Begeisterung und gro\u00dfem Einsatz traten unsere Sch\u00fclerinnen und Sch\u00fcler gegeneinander an. Die Teilnehmerinnen und Teilnehmer waren: Ra\u00fal De Luca Amira Allouss Sediba Bambura Fabio Grandau. Alle vier haben das Publikum begeistert. Sie haben tolle Beitr\u00e4ge geleistet. Damit haben sie gezeigt, wie&hellip;&nbsp;<a href=\"https:\/\/realschule-gruenstrasse.de\/?p=1232\" rel=\"bookmark\">Weiterlesen &raquo;<span class=\"screen-reader-text\">Lesewettbewerb 2025<\/span><\/a><\/p>\n","protected":false},"author":1,"featured_media":1233,"comment_status":"closed","ping_status":"open","sticky":false,"template":"","format":"standard","meta":{"neve_meta_sidebar":"","neve_meta_container":"","neve_meta_enable_content_width":"","neve_meta_content_width":0,"neve_meta_title_alignment":"","neve_meta_author_avatar":"","neve_post_elements_order":"","neve_meta_disable_header":"","neve_meta_disable_footer":"","neve_meta_disable_title":"","footnotes":""},"categories":[1],"tags":[],"class_list":["post-1232","post","type-post","status-publish","format-standard","has-post-thumbnail","hentry","category-allgemein"],"_links":{"self":[{"href":"https:\/\/realschule-gruenstrasse.de\/index.php?rest_route=\/wp\/v2\/posts\/1232","targetHints":{"allow":["GET"]}}],"collection":[{"href":"https:\/\/realschule-gruenstrasse.de\/index.php?rest_route=\/wp\/v2\/posts"}],"about":[{"href":"https:\/\/realschule-gruenstrasse.de\/index.php?rest_route=\/wp\/v2\/types\/post"}],"author":[{"embeddable":true,"href":"https:\/\/realschule-gruenstrasse.de\/index.php?rest_route=\/wp\/v2\/users\/1"}],"replies":[{"embeddable":true,"href":"https:\/\/realschule-gruenstrasse.de\/index.php?rest_route=%2Fwp%2Fv2%2Fcomments&post=1232"}],"version-history":[{"count":5,"href":"https:\/\/realschule-gruenstrasse.de\/index.php?rest_route=\/wp\/v2\/posts\/1232\/revisions"}],"predecessor-version":[{"id":1238,"href":"https:\/\/realschule-gruenstrasse.de\/index.php?rest_route=\/wp\/v2\/posts\/1232\/revisions\/1238"}],"wp:featuredmedia":[{"embeddable":true,"href":"https:\/\/realschule-gruenstrasse.de\/index.php?rest_route=\/wp\/v2\/media\/1233"}],"wp:attachment":[{"href":"https:\/\/realschule-gruenstrasse.de\/index.php?rest_route=%2Fwp%2Fv2%2Fmedia&parent=1232"}],"wp:term":[{"taxonomy":"category","embeddable":true,"href":"https:\/\/realschule-gruenstrasse.de\/index.php?rest_route=%2Fwp%2Fv2%2Fcategories&post=1232"},{"taxonomy":"post_tag","embeddable":true,"href":"https:\/\/realschule-gruenstrasse.de\/index.php?rest_route=%2Fwp%2Fv2%2Ftags&post=1232"}],"curies":[{"name":"wp","href":"https:\/\/api.w.org\/{rel}","templated":true}]}}