{"id":1125,"date":"2025-07-10T14:56:19","date_gmt":"2025-07-10T12:56:19","guid":{"rendered":"https:\/\/realschule-gruenstrasse.de\/?p=1125"},"modified":"2025-08-25T15:00:00","modified_gmt":"2025-08-25T13:00:00","slug":"crepe-genuss-im-franzoesischunterricht-der-klasse-8","status":"publish","type":"post","link":"https:\/\/realschule-gruenstrasse.de\/?p=1125","title":{"rendered":"Cr\u00eape-Genuss im Franz\u00f6sischunterricht der Klasse 8"},"content":{"rendered":"\n<p>Heute wurde es im Franz\u00f6sischkurs der Klasse 8 besonders lecker: Auf dem Stundenplan stand das Backen von Cr\u00eapes! Mit viel Kreativit\u00e4t und Begeisterung zauberten die Sch\u00fclerinnen und Sch\u00fcler k\u00f6stliche Varianten des franz\u00f6sischen Klassikers. Die Ergebnisse konnten sich nicht nur sehen, sondern auch schmecken lassen \u2013 ganz im Sinne der Haute Cuisine.<\/p>\n\n\n\n<p>Der Franz\u00f6sischunterricht einmal ganz anders \u2013 genussvoll, praxisnah und mit jeder Menge Spa\u00df. Am Ende waren alle: beeindruckt, satt und rundum zufrieden!<\/p>\n\n\n\n<figure class=\"wp-block-gallery has-nested-images columns-default is-cropped wp-block-gallery-1 is-layout-flex wp-block-gallery-is-layout-flex\">\n<figure class=\"wp-block-image size-large\"><img loading=\"lazy\" decoding=\"async\" width=\"768\" height=\"1024\" data-id=\"1130\" src=\"https:\/\/realschule-gruenstrasse.de\/wp-content\/uploads\/2025\/08\/IMG_6843-768x1024.jpeg\" alt=\"\" class=\"wp-image-1130\" srcset=\"https:\/\/realschule-gruenstrasse.de\/wp-content\/uploads\/2025\/08\/IMG_6843-768x1024.jpeg 768w, https:\/\/realschule-gruenstrasse.de\/wp-content\/uploads\/2025\/08\/IMG_6843-375x500.jpeg 375w, https:\/\/realschule-gruenstrasse.de\/wp-content\/uploads\/2025\/08\/IMG_6843-1152x1536.jpeg 1152w, https:\/\/realschule-gruenstrasse.de\/wp-content\/uploads\/2025\/08\/IMG_6843-1536x2048.jpeg 1536w, https:\/\/realschule-gruenstrasse.de\/wp-content\/uploads\/2025\/08\/IMG_6843-scaled.jpeg 1920w\" sizes=\"auto, (max-width: 768px) 100vw, 768px\" \/><\/figure>\n\n\n\n<figure class=\"wp-block-image size-large\"><img loading=\"lazy\" decoding=\"async\" width=\"768\" height=\"1024\" data-id=\"1129\" src=\"https:\/\/realschule-gruenstrasse.de\/wp-content\/uploads\/2025\/08\/IMG_6845-768x1024.jpeg\" alt=\"\" class=\"wp-image-1129\" srcset=\"https:\/\/realschule-gruenstrasse.de\/wp-content\/uploads\/2025\/08\/IMG_6845-768x1024.jpeg 768w, https:\/\/realschule-gruenstrasse.de\/wp-content\/uploads\/2025\/08\/IMG_6845-375x500.jpeg 375w, https:\/\/realschule-gruenstrasse.de\/wp-content\/uploads\/2025\/08\/IMG_6845-1152x1536.jpeg 1152w, https:\/\/realschule-gruenstrasse.de\/wp-content\/uploads\/2025\/08\/IMG_6845-1536x2048.jpeg 1536w, https:\/\/realschule-gruenstrasse.de\/wp-content\/uploads\/2025\/08\/IMG_6845-scaled.jpeg 1920w\" sizes=\"auto, (max-width: 768px) 100vw, 768px\" \/><\/figure>\n\n\n\n<figure class=\"wp-block-image size-large\"><img loading=\"lazy\" decoding=\"async\" width=\"768\" height=\"1024\" data-id=\"1132\" src=\"https:\/\/realschule-gruenstrasse.de\/wp-content\/uploads\/2025\/08\/IMG_6849-768x1024.jpeg\" alt=\"\" class=\"wp-image-1132\" srcset=\"https:\/\/realschule-gruenstrasse.de\/wp-content\/uploads\/2025\/08\/IMG_6849-768x1024.jpeg 768w, https:\/\/realschule-gruenstrasse.de\/wp-content\/uploads\/2025\/08\/IMG_6849-375x500.jpeg 375w, https:\/\/realschule-gruenstrasse.de\/wp-content\/uploads\/2025\/08\/IMG_6849-1152x1536.jpeg 1152w, https:\/\/realschule-gruenstrasse.de\/wp-content\/uploads\/2025\/08\/IMG_6849-1536x2048.jpeg 1536w, https:\/\/realschule-gruenstrasse.de\/wp-content\/uploads\/2025\/08\/IMG_6849-scaled.jpeg 1920w\" sizes=\"auto, (max-width: 768px) 100vw, 768px\" \/><\/figure>\n\n\n\n<figure class=\"wp-block-image size-large\"><img loading=\"lazy\" decoding=\"async\" width=\"768\" height=\"1024\" data-id=\"1128\" src=\"https:\/\/realschule-gruenstrasse.de\/wp-content\/uploads\/2025\/08\/IMG_6850-1-768x1024.jpeg\" alt=\"\" class=\"wp-image-1128\" srcset=\"https:\/\/realschule-gruenstrasse.de\/wp-content\/uploads\/2025\/08\/IMG_6850-1-768x1024.jpeg 768w, https:\/\/realschule-gruenstrasse.de\/wp-content\/uploads\/2025\/08\/IMG_6850-1-375x500.jpeg 375w, https:\/\/realschule-gruenstrasse.de\/wp-content\/uploads\/2025\/08\/IMG_6850-1-1152x1536.jpeg 1152w, https:\/\/realschule-gruenstrasse.de\/wp-content\/uploads\/2025\/08\/IMG_6850-1-1536x2048.jpeg 1536w, https:\/\/realschule-gruenstrasse.de\/wp-content\/uploads\/2025\/08\/IMG_6850-1-scaled.jpeg 1920w\" sizes=\"auto, (max-width: 768px) 100vw, 768px\" \/><\/figure>\n\n\n\n<figure class=\"wp-block-image size-large\"><img loading=\"lazy\" decoding=\"async\" width=\"768\" height=\"1024\" data-id=\"1127\" src=\"https:\/\/realschule-gruenstrasse.de\/wp-content\/uploads\/2025\/08\/IMG_6851-768x1024.jpeg\" alt=\"\" class=\"wp-image-1127\" srcset=\"https:\/\/realschule-gruenstrasse.de\/wp-content\/uploads\/2025\/08\/IMG_6851-768x1024.jpeg 768w, https:\/\/realschule-gruenstrasse.de\/wp-content\/uploads\/2025\/08\/IMG_6851-375x500.jpeg 375w, https:\/\/realschule-gruenstrasse.de\/wp-content\/uploads\/2025\/08\/IMG_6851-1152x1536.jpeg 1152w, https:\/\/realschule-gruenstrasse.de\/wp-content\/uploads\/2025\/08\/IMG_6851-1536x2048.jpeg 1536w, https:\/\/realschule-gruenstrasse.de\/wp-content\/uploads\/2025\/08\/IMG_6851-scaled.jpeg 1920w\" sizes=\"auto, (max-width: 768px) 100vw, 768px\" \/><\/figure>\n<\/figure>\n","protected":false},"excerpt":{"rendered":"<p>Heute wurde es im Franz\u00f6sischkurs der Klasse 8 besonders lecker: Auf dem Stundenplan stand das Backen von Cr\u00eapes! Mit viel Kreativit\u00e4t und Begeisterung zauberten die Sch\u00fclerinnen und Sch\u00fcler k\u00f6stliche Varianten des franz\u00f6sischen Klassikers. Die Ergebnisse konnten sich nicht nur sehen, sondern auch schmecken lassen \u2013 ganz im Sinne der Haute Cuisine. Der Franz\u00f6sischunterricht einmal ganz&hellip;&nbsp;<a href=\"https:\/\/realschule-gruenstrasse.de\/?p=1125\" rel=\"bookmark\">Weiterlesen &raquo;<span class=\"screen-reader-text\">Cr\u00eape-Genuss im Franz\u00f6sischunterricht der Klasse 8<\/span><\/a><\/p>\n","protected":false},"author":1,"featured_media":1126,"comment_status":"closed","ping_status":"open","sticky":false,"template":"","format":"standard","meta":{"neve_meta_sidebar":"","neve_meta_container":"","neve_meta_enable_content_width":"","neve_meta_content_width":0,"neve_meta_title_alignment":"","neve_meta_author_avatar":"","neve_post_elements_order":"","neve_meta_disable_header":"","neve_meta_disable_footer":"","neve_meta_disable_title":"","footnotes":""},"categories":[1],"tags":[],"class_list":["post-1125","post","type-post","status-publish","format-standard","has-post-thumbnail","hentry","category-allgemein"],"_links":{"self":[{"href":"https:\/\/realschule-gruenstrasse.de\/index.php?rest_route=\/wp\/v2\/posts\/1125","targetHints":{"allow":["GET"]}}],"collection":[{"href":"https:\/\/realschule-gruenstrasse.de\/index.php?rest_route=\/wp\/v2\/posts"}],"about":[{"href":"https:\/\/realschule-gruenstrasse.de\/index.php?rest_route=\/wp\/v2\/types\/post"}],"author":[{"embeddable":true,"href":"https:\/\/realschule-gruenstrasse.de\/index.php?rest_route=\/wp\/v2\/users\/1"}],"replies":[{"embeddable":true,"href":"https:\/\/realschule-gruenstrasse.de\/index.php?rest_route=%2Fwp%2Fv2%2Fcomments&post=1125"}],"version-history":[{"count":1,"href":"https:\/\/realschule-gruenstrasse.de\/index.php?rest_route=\/wp\/v2\/posts\/1125\/revisions"}],"predecessor-version":[{"id":1133,"href":"https:\/\/realschule-gruenstrasse.de\/index.php?rest_route=\/wp\/v2\/posts\/1125\/revisions\/1133"}],"wp:featuredmedia":[{"embeddable":true,"href":"https:\/\/realschule-gruenstrasse.de\/index.php?rest_route=\/wp\/v2\/media\/1126"}],"wp:attachment":[{"href":"https:\/\/realschule-gruenstrasse.de\/index.php?rest_route=%2Fwp%2Fv2%2Fmedia&parent=1125"}],"wp:term":[{"taxonomy":"category","embeddable":true,"href":"https:\/\/realschule-gruenstrasse.de\/index.php?rest_route=%2Fwp%2Fv2%2Fcategories&post=1125"},{"taxonomy":"post_tag","embeddable":true,"href":"https:\/\/realschule-gruenstrasse.de\/index.php?rest_route=%2Fwp%2Fv2%2Ftags&post=1125"}],"curies":[{"name":"wp","href":"https:\/\/api.w.org\/{rel}","templated":true}]}}