{"id":1047,"date":"2024-12-17T09:08:59","date_gmt":"2024-12-17T08:08:59","guid":{"rendered":"https:\/\/realschule-gruenstrasse.de\/?p=1047"},"modified":"2025-02-25T09:09:21","modified_gmt":"2025-02-25T08:09:21","slug":"fussballturnier-des-6-jahrgang","status":"publish","type":"post","link":"https:\/\/realschule-gruenstrasse.de\/?p=1047","title":{"rendered":"Fu\u00dfballturnier des 6. Jahrgang"},"content":{"rendered":"\n<figure class=\"wp-block-gallery has-nested-images columns-default is-cropped wp-block-gallery-1 is-layout-flex wp-block-gallery-is-layout-flex\">\n<figure class=\"wp-block-image size-large\"><img loading=\"lazy\" decoding=\"async\" width=\"1024\" height=\"768\" data-id=\"1052\" src=\"https:\/\/realschule-gruenstrasse.de\/wp-content\/uploads\/2025\/02\/IMG_0897-2-1024x768.jpg\" alt=\"\" class=\"wp-image-1052\" srcset=\"https:\/\/realschule-gruenstrasse.de\/wp-content\/uploads\/2025\/02\/IMG_0897-2-1024x768.jpg 1024w, https:\/\/realschule-gruenstrasse.de\/wp-content\/uploads\/2025\/02\/IMG_0897-2-500x375.jpg 500w, https:\/\/realschule-gruenstrasse.de\/wp-content\/uploads\/2025\/02\/IMG_0897-2-768x576.jpg 768w, https:\/\/realschule-gruenstrasse.de\/wp-content\/uploads\/2025\/02\/IMG_0897-2-1536x1152.jpg 1536w, https:\/\/realschule-gruenstrasse.de\/wp-content\/uploads\/2025\/02\/IMG_0897-2-2048x1536.jpg 2048w\" sizes=\"auto, (max-width: 1024px) 100vw, 1024px\" \/><\/figure>\n\n\n\n<figure class=\"wp-block-image size-large\"><img loading=\"lazy\" decoding=\"async\" width=\"1024\" height=\"768\" data-id=\"1053\" src=\"https:\/\/realschule-gruenstrasse.de\/wp-content\/uploads\/2025\/02\/IMG_0899-1-1024x768.jpg\" alt=\"\" class=\"wp-image-1053\" srcset=\"https:\/\/realschule-gruenstrasse.de\/wp-content\/uploads\/2025\/02\/IMG_0899-1-1024x768.jpg 1024w, https:\/\/realschule-gruenstrasse.de\/wp-content\/uploads\/2025\/02\/IMG_0899-1-500x375.jpg 500w, https:\/\/realschule-gruenstrasse.de\/wp-content\/uploads\/2025\/02\/IMG_0899-1-768x576.jpg 768w, https:\/\/realschule-gruenstrasse.de\/wp-content\/uploads\/2025\/02\/IMG_0899-1-1536x1152.jpg 1536w, https:\/\/realschule-gruenstrasse.de\/wp-content\/uploads\/2025\/02\/IMG_0899-1-2048x1536.jpg 2048w\" sizes=\"auto, (max-width: 1024px) 100vw, 1024px\" \/><\/figure>\n\n\n\n<figure class=\"wp-block-image size-large\"><img loading=\"lazy\" decoding=\"async\" width=\"1024\" height=\"768\" data-id=\"1054\" src=\"https:\/\/realschule-gruenstrasse.de\/wp-content\/uploads\/2025\/02\/IMG_0895-1-1024x768.jpg\" alt=\"\" class=\"wp-image-1054\" srcset=\"https:\/\/realschule-gruenstrasse.de\/wp-content\/uploads\/2025\/02\/IMG_0895-1-1024x768.jpg 1024w, https:\/\/realschule-gruenstrasse.de\/wp-content\/uploads\/2025\/02\/IMG_0895-1-500x375.jpg 500w, https:\/\/realschule-gruenstrasse.de\/wp-content\/uploads\/2025\/02\/IMG_0895-1-768x576.jpg 768w, https:\/\/realschule-gruenstrasse.de\/wp-content\/uploads\/2025\/02\/IMG_0895-1-1536x1152.jpg 1536w, https:\/\/realschule-gruenstrasse.de\/wp-content\/uploads\/2025\/02\/IMG_0895-1-2048x1536.jpg 2048w\" sizes=\"auto, (max-width: 1024px) 100vw, 1024px\" \/><\/figure>\n<\/figure>\n\n\n\n<p>Am 17.12.24 fand das Fu\u00dfballturnier des 6. Jahrgangs in unserer Sporthalle statt. Das Turnier wurde, einschlie\u00dflich Schiedsrichter und Linienrichter von Sch\u00fclern und Sch\u00fclerinnen des 10. Jahrgangs begleitet.<\/p>\n\n\n\n<p>Gewonnen nach Punkten hat die Klasse 6d! Zum Schluss gab es noch einen harten Kampf um Platz zwei, den die Klasse 6c im Siebenmeter schie\u00dfen f\u00fcr sich entschied.<\/p>\n","protected":false},"excerpt":{"rendered":"<p>Am 17.12.24 fand das Fu\u00dfballturnier des 6. Jahrgangs in unserer Sporthalle statt. Das Turnier wurde, einschlie\u00dflich Schiedsrichter und Linienrichter von Sch\u00fclern und Sch\u00fclerinnen des 10. Jahrgangs begleitet. Gewonnen nach Punkten hat die Klasse 6d! Zum Schluss gab es noch einen harten Kampf um Platz zwei, den die Klasse 6c im Siebenmeter schie\u00dfen f\u00fcr sich entschied.<\/p>\n","protected":false},"author":1,"featured_media":1052,"comment_status":"closed","ping_status":"open","sticky":false,"template":"","format":"standard","meta":{"neve_meta_sidebar":"","neve_meta_container":"","neve_meta_enable_content_width":"","neve_meta_content_width":0,"neve_meta_title_alignment":"","neve_meta_author_avatar":"","neve_post_elements_order":"","neve_meta_disable_header":"","neve_meta_disable_footer":"","neve_meta_disable_title":"","footnotes":""},"categories":[1],"tags":[],"class_list":["post-1047","post","type-post","status-publish","format-standard","has-post-thumbnail","hentry","category-allgemein"],"_links":{"self":[{"href":"https:\/\/realschule-gruenstrasse.de\/index.php?rest_route=\/wp\/v2\/posts\/1047","targetHints":{"allow":["GET"]}}],"collection":[{"href":"https:\/\/realschule-gruenstrasse.de\/index.php?rest_route=\/wp\/v2\/posts"}],"about":[{"href":"https:\/\/realschule-gruenstrasse.de\/index.php?rest_route=\/wp\/v2\/types\/post"}],"author":[{"embeddable":true,"href":"https:\/\/realschule-gruenstrasse.de\/index.php?rest_route=\/wp\/v2\/users\/1"}],"replies":[{"embeddable":true,"href":"https:\/\/realschule-gruenstrasse.de\/index.php?rest_route=%2Fwp%2Fv2%2Fcomments&post=1047"}],"version-history":[{"count":1,"href":"https:\/\/realschule-gruenstrasse.de\/index.php?rest_route=\/wp\/v2\/posts\/1047\/revisions"}],"predecessor-version":[{"id":1055,"href":"https:\/\/realschule-gruenstrasse.de\/index.php?rest_route=\/wp\/v2\/posts\/1047\/revisions\/1055"}],"wp:featuredmedia":[{"embeddable":true,"href":"https:\/\/realschule-gruenstrasse.de\/index.php?rest_route=\/wp\/v2\/media\/1052"}],"wp:attachment":[{"href":"https:\/\/realschule-gruenstrasse.de\/index.php?rest_route=%2Fwp%2Fv2%2Fmedia&parent=1047"}],"wp:term":[{"taxonomy":"category","embeddable":true,"href":"https:\/\/realschule-gruenstrasse.de\/index.php?rest_route=%2Fwp%2Fv2%2Fcategories&post=1047"},{"taxonomy":"post_tag","embeddable":true,"href":"https:\/\/realschule-gruenstrasse.de\/index.php?rest_route=%2Fwp%2Fv2%2Ftags&post=1047"}],"curies":[{"name":"wp","href":"https:\/\/api.w.org\/{rel}","templated":true}]}}